{"id":10440,"date":"2016-05-18T19:01:47","date_gmt":"2016-05-18T19:01:47","guid":{"rendered":"https:\/\/stmaryum.org\/santo-del-dia-2\/"},"modified":"2016-05-18T19:01:47","modified_gmt":"2016-05-18T19:01:47","slug":"santo-del-dia-2","status":"publish","type":"post","link":"https:\/\/stmaryum.org\/es\/santo-del-dia-2\/","title":{"rendered":"Santo del d\u00eda"},"content":{"rendered":"<p>Santa Mar\u00eda Santo del d\u00eda 18-05-2016<\/p>\n<p>\u00bfQui\u00e9n se parece m\u00e1s a Jes\u00fas en tu vida?<\/p>\n<p>Leyenda Vanfield Gr. 7 Mi hermana porque es buena y siempre est\u00e1 ah\u00ed para m\u00ed.<\/p>\n<p>Ingrid Azarcon Gr. 4 Mi madre y mi padre porque me quieren y trabajan duro por m\u00ed.<\/p>\n<p><img loading=\"lazy\" decoding=\"async\" class=\"alignnone size-medium wp-image-4660\" title=\"05-18-2016\" src=\"https:\/\/stmaryum.org\/wp-content\/uploads\/05-18-2016-225x300.jpg\" alt=\"05-18-2016\" width=\"225\" height=\"300\" srcset=\"https:\/\/stmaryum.org\/wp-content\/uploads\/05-18-2016-225x300.jpg 225w, https:\/\/stmaryum.org\/wp-content\/uploads\/05-18-2016-768x1024.jpg 768w\" sizes=\"auto, (max-width: 225px) 100vw, 225px\" \/><\/p>\n","protected":false},"excerpt":{"rendered":"<p>Santa Mar\u00eda Santo del d\u00eda 18-05-2016 \u00bfQui\u00e9n se parece m\u00e1s a Jes\u00fas en tu vida? Leyenda Vanfield Gr. 7 Mi hermana porque es buena y siempre est\u00e1 ah\u00ed para m\u00ed. Ingrid Azarcon Gr. 4 Mi madre y mi padre porque me quieren y trabajan duro&#8230;<\/p>\n","protected":false},"author":3,"featured_media":0,"comment_status":"closed","ping_status":"closed","sticky":false,"template":"","format":"standard","meta":{"_monsterinsights_skip_tracking":false,"_monsterinsights_sitenote_active":false,"_monsterinsights_sitenote_note":"","_monsterinsights_sitenote_category":0,"footnotes":""},"categories":[44],"tags":[],"class_list":["post-10440","post","type-post","status-publish","format-standard","hentry","category-sin-categorizar"],"yoast_head":"<!-- This site is optimized with the Yoast SEO plugin v27.5 - https:\/\/yoast.com\/product\/yoast-seo-wordpress\/ -->\n<title>Santo del d\u00eda - St. Mary of the Assumption Catholic School<\/title>\n<meta name=\"robots\" content=\"index, follow, max-snippet:-1, max-image-preview:large, max-video-preview:-1\" \/>\n<link rel=\"canonical\" href=\"https:\/\/stmaryum.org\/es\/santo-del-dia-2\/\" \/>\n<meta property=\"og:locale\" content=\"es_ES\" \/>\n<meta property=\"og:type\" content=\"article\" \/>\n<meta property=\"og:title\" content=\"Santo del d\u00eda - St. Mary of the Assumption Catholic School\" \/>\n<meta property=\"og:description\" content=\"Santa Mar\u00eda Santo del d\u00eda 18-05-2016 \u00bfQui\u00e9n se parece m\u00e1s a Jes\u00fas en tu vida? Leyenda Vanfield Gr. 7 Mi hermana porque es buena y siempre est\u00e1 ah\u00ed para m\u00ed. Ingrid Azarcon Gr. 4 Mi madre y mi padre porque me quieren y trabajan duro...\" \/>\n<meta property=\"og:url\" content=\"https:\/\/stmaryum.org\/es\/santo-del-dia-2\/\" \/>\n<meta property=\"og:site_name\" content=\"St. Mary of the Assumption Catholic School\" \/>\n<meta property=\"article:published_time\" content=\"2016-05-18T19:01:47+00:00\" \/>\n<meta property=\"og:image\" content=\"https:\/\/stmaryum.org\/wp-content\/uploads\/05-18-2016-225x300.jpg\" \/>\n<meta name=\"author\" content=\"Tamera Campbell\" \/>\n<meta name=\"twitter:card\" content=\"summary_large_image\" \/>\n<meta name=\"twitter:label1\" content=\"Escrito por\" \/>\n\t<meta name=\"twitter:data1\" content=\"Tamera Campbell\" \/>\n<script type=\"application\/ld+json\" class=\"yoast-schema-graph\">{\"@context\":\"https:\\\/\\\/schema.org\",\"@graph\":[{\"@type\":\"Article\",\"@id\":\"https:\\\/\\\/stmaryum.org\\\/es\\\/santo-del-dia-2\\\/#article\",\"isPartOf\":{\"@id\":\"https:\\\/\\\/stmaryum.org\\\/es\\\/santo-del-dia-2\\\/\"},\"author\":{\"name\":\"Tamera Campbell\",\"@id\":\"https:\\\/\\\/stmaryum.org\\\/es\\\/#\\\/schema\\\/person\\\/37deefb0b4b617d0d0049c803c62f264\"},\"headline\":\"Santo del d\u00eda\",\"datePublished\":\"2016-05-18T19:01:47+00:00\",\"mainEntityOfPage\":{\"@id\":\"https:\\\/\\\/stmaryum.org\\\/es\\\/santo-del-dia-2\\\/\"},\"wordCount\":55,\"image\":{\"@id\":\"https:\\\/\\\/stmaryum.org\\\/es\\\/santo-del-dia-2\\\/#primaryimage\"},\"thumbnailUrl\":\"https:\\\/\\\/stmaryum.org\\\/wp-content\\\/uploads\\\/05-18-2016-225x300.jpg\",\"articleSection\":[\"Sin categorizar\"],\"inLanguage\":\"es\"},{\"@type\":\"WebPage\",\"@id\":\"https:\\\/\\\/stmaryum.org\\\/es\\\/santo-del-dia-2\\\/\",\"url\":\"https:\\\/\\\/stmaryum.org\\\/es\\\/santo-del-dia-2\\\/\",\"name\":\"Santo del d\u00eda - St. Mary of the Assumption Catholic School\",\"isPartOf\":{\"@id\":\"https:\\\/\\\/stmaryum.org\\\/es\\\/#website\"},\"primaryImageOfPage\":{\"@id\":\"https:\\\/\\\/stmaryum.org\\\/es\\\/santo-del-dia-2\\\/#primaryimage\"},\"image\":{\"@id\":\"https:\\\/\\\/stmaryum.org\\\/es\\\/santo-del-dia-2\\\/#primaryimage\"},\"thumbnailUrl\":\"https:\\\/\\\/stmaryum.org\\\/wp-content\\\/uploads\\\/05-18-2016-225x300.jpg\",\"datePublished\":\"2016-05-18T19:01:47+00:00\",\"author\":{\"@id\":\"https:\\\/\\\/stmaryum.org\\\/es\\\/#\\\/schema\\\/person\\\/37deefb0b4b617d0d0049c803c62f264\"},\"breadcrumb\":{\"@id\":\"https:\\\/\\\/stmaryum.org\\\/es\\\/santo-del-dia-2\\\/#breadcrumb\"},\"inLanguage\":\"es\",\"potentialAction\":[{\"@type\":\"ReadAction\",\"target\":[\"https:\\\/\\\/stmaryum.org\\\/es\\\/santo-del-dia-2\\\/\"]}]},{\"@type\":\"ImageObject\",\"inLanguage\":\"es\",\"@id\":\"https:\\\/\\\/stmaryum.org\\\/es\\\/santo-del-dia-2\\\/#primaryimage\",\"url\":\"https:\\\/\\\/stmaryum.org\\\/wp-content\\\/uploads\\\/05-18-2016-225x300.jpg\",\"contentUrl\":\"https:\\\/\\\/stmaryum.org\\\/wp-content\\\/uploads\\\/05-18-2016-225x300.jpg\"},{\"@type\":\"BreadcrumbList\",\"@id\":\"https:\\\/\\\/stmaryum.org\\\/es\\\/santo-del-dia-2\\\/#breadcrumb\",\"itemListElement\":[{\"@type\":\"ListItem\",\"position\":1,\"name\":\"Home\",\"item\":\"https:\\\/\\\/stmaryum.org\\\/es\\\/santa-maria-de-la-asuncion-2\\\/\"},{\"@type\":\"ListItem\",\"position\":2,\"name\":\"Santo del d\u00eda\"}]},{\"@type\":\"WebSite\",\"@id\":\"https:\\\/\\\/stmaryum.org\\\/es\\\/#website\",\"url\":\"https:\\\/\\\/stmaryum.org\\\/es\\\/\",\"name\":\"St. Mary of the Assumption Catholic School\",\"description\":\"Catholic elementary school founded by St. Mary of the Assumption Church in 1925\",\"potentialAction\":[{\"@type\":\"SearchAction\",\"target\":{\"@type\":\"EntryPoint\",\"urlTemplate\":\"https:\\\/\\\/stmaryum.org\\\/es\\\/?s={search_term_string}\"},\"query-input\":{\"@type\":\"PropertyValueSpecification\",\"valueRequired\":true,\"valueName\":\"search_term_string\"}}],\"inLanguage\":\"es\"},{\"@type\":\"Person\",\"@id\":\"https:\\\/\\\/stmaryum.org\\\/es\\\/#\\\/schema\\\/person\\\/37deefb0b4b617d0d0049c803c62f264\",\"name\":\"Tamera Campbell\",\"url\":\"https:\\\/\\\/stmaryum.org\\\/es\\\/author\\\/tamera\\\/\"}]}<\/script>\n<!-- \/ Yoast SEO plugin. -->","yoast_head_json":{"title":"Santo del d\u00eda - St. Mary of the Assumption Catholic School","robots":{"index":"index","follow":"follow","max-snippet":"max-snippet:-1","max-image-preview":"max-image-preview:large","max-video-preview":"max-video-preview:-1"},"canonical":"https:\/\/stmaryum.org\/es\/santo-del-dia-2\/","og_locale":"es_ES","og_type":"article","og_title":"Santo del d\u00eda - St. Mary of the Assumption Catholic School","og_description":"Santa Mar\u00eda Santo del d\u00eda 18-05-2016 \u00bfQui\u00e9n se parece m\u00e1s a Jes\u00fas en tu vida? Leyenda Vanfield Gr. 7 Mi hermana porque es buena y siempre est\u00e1 ah\u00ed para m\u00ed. Ingrid Azarcon Gr. 4 Mi madre y mi padre porque me quieren y trabajan duro...","og_url":"https:\/\/stmaryum.org\/es\/santo-del-dia-2\/","og_site_name":"St. Mary of the Assumption Catholic School","article_published_time":"2016-05-18T19:01:47+00:00","og_image":[{"url":"https:\/\/stmaryum.org\/wp-content\/uploads\/05-18-2016-225x300.jpg","type":"","width":"","height":""}],"author":"Tamera Campbell","twitter_card":"summary_large_image","twitter_misc":{"Escrito por":"Tamera Campbell"},"schema":{"@context":"https:\/\/schema.org","@graph":[{"@type":"Article","@id":"https:\/\/stmaryum.org\/es\/santo-del-dia-2\/#article","isPartOf":{"@id":"https:\/\/stmaryum.org\/es\/santo-del-dia-2\/"},"author":{"name":"Tamera Campbell","@id":"https:\/\/stmaryum.org\/es\/#\/schema\/person\/37deefb0b4b617d0d0049c803c62f264"},"headline":"Santo del d\u00eda","datePublished":"2016-05-18T19:01:47+00:00","mainEntityOfPage":{"@id":"https:\/\/stmaryum.org\/es\/santo-del-dia-2\/"},"wordCount":55,"image":{"@id":"https:\/\/stmaryum.org\/es\/santo-del-dia-2\/#primaryimage"},"thumbnailUrl":"https:\/\/stmaryum.org\/wp-content\/uploads\/05-18-2016-225x300.jpg","articleSection":["Sin categorizar"],"inLanguage":"es"},{"@type":"WebPage","@id":"https:\/\/stmaryum.org\/es\/santo-del-dia-2\/","url":"https:\/\/stmaryum.org\/es\/santo-del-dia-2\/","name":"Santo del d\u00eda - St. Mary of the Assumption Catholic School","isPartOf":{"@id":"https:\/\/stmaryum.org\/es\/#website"},"primaryImageOfPage":{"@id":"https:\/\/stmaryum.org\/es\/santo-del-dia-2\/#primaryimage"},"image":{"@id":"https:\/\/stmaryum.org\/es\/santo-del-dia-2\/#primaryimage"},"thumbnailUrl":"https:\/\/stmaryum.org\/wp-content\/uploads\/05-18-2016-225x300.jpg","datePublished":"2016-05-18T19:01:47+00:00","author":{"@id":"https:\/\/stmaryum.org\/es\/#\/schema\/person\/37deefb0b4b617d0d0049c803c62f264"},"breadcrumb":{"@id":"https:\/\/stmaryum.org\/es\/santo-del-dia-2\/#breadcrumb"},"inLanguage":"es","potentialAction":[{"@type":"ReadAction","target":["https:\/\/stmaryum.org\/es\/santo-del-dia-2\/"]}]},{"@type":"ImageObject","inLanguage":"es","@id":"https:\/\/stmaryum.org\/es\/santo-del-dia-2\/#primaryimage","url":"https:\/\/stmaryum.org\/wp-content\/uploads\/05-18-2016-225x300.jpg","contentUrl":"https:\/\/stmaryum.org\/wp-content\/uploads\/05-18-2016-225x300.jpg"},{"@type":"BreadcrumbList","@id":"https:\/\/stmaryum.org\/es\/santo-del-dia-2\/#breadcrumb","itemListElement":[{"@type":"ListItem","position":1,"name":"Home","item":"https:\/\/stmaryum.org\/es\/santa-maria-de-la-asuncion-2\/"},{"@type":"ListItem","position":2,"name":"Santo del d\u00eda"}]},{"@type":"WebSite","@id":"https:\/\/stmaryum.org\/es\/#website","url":"https:\/\/stmaryum.org\/es\/","name":"St. Mary of the Assumption Catholic School","description":"Catholic elementary school founded by St. Mary of the Assumption Church in 1925","potentialAction":[{"@type":"SearchAction","target":{"@type":"EntryPoint","urlTemplate":"https:\/\/stmaryum.org\/es\/?s={search_term_string}"},"query-input":{"@type":"PropertyValueSpecification","valueRequired":true,"valueName":"search_term_string"}}],"inLanguage":"es"},{"@type":"Person","@id":"https:\/\/stmaryum.org\/es\/#\/schema\/person\/37deefb0b4b617d0d0049c803c62f264","name":"Tamera Campbell","url":"https:\/\/stmaryum.org\/es\/author\/tamera\/"}]}},"_links":{"self":[{"href":"https:\/\/stmaryum.org\/es\/wp-json\/wp\/v2\/posts\/10440","targetHints":{"allow":["GET"]}}],"collection":[{"href":"https:\/\/stmaryum.org\/es\/wp-json\/wp\/v2\/posts"}],"about":[{"href":"https:\/\/stmaryum.org\/es\/wp-json\/wp\/v2\/types\/post"}],"author":[{"embeddable":true,"href":"https:\/\/stmaryum.org\/es\/wp-json\/wp\/v2\/users\/3"}],"replies":[{"embeddable":true,"href":"https:\/\/stmaryum.org\/es\/wp-json\/wp\/v2\/comments?post=10440"}],"version-history":[{"count":0,"href":"https:\/\/stmaryum.org\/es\/wp-json\/wp\/v2\/posts\/10440\/revisions"}],"wp:attachment":[{"href":"https:\/\/stmaryum.org\/es\/wp-json\/wp\/v2\/media?parent=10440"}],"wp:term":[{"taxonomy":"category","embeddable":true,"href":"https:\/\/stmaryum.org\/es\/wp-json\/wp\/v2\/categories?post=10440"},{"taxonomy":"post_tag","embeddable":true,"href":"https:\/\/stmaryum.org\/es\/wp-json\/wp\/v2\/tags?post=10440"}],"curies":[{"name":"wp","href":"https:\/\/api.w.org\/{rel}","templated":true}]}}