{"id":10536,"date":"2016-03-16T16:36:58","date_gmt":"2016-03-16T16:36:58","guid":{"rendered":"https:\/\/stmaryum.org\/santa-maria-santo-del-dia-03-15-2016\/"},"modified":"2016-03-16T16:36:58","modified_gmt":"2016-03-16T16:36:58","slug":"santa-maria-santo-del-dia-03-15-2016","status":"publish","type":"post","link":"https:\/\/stmaryum.org\/es\/santa-maria-santo-del-dia-03-15-2016\/","title":{"rendered":"\u00a1Santa Mar\u00eda Santo del d\u00eda! 03-15-2016"},"content":{"rendered":"<div id=\"js_e\" class=\"_5pbx userContent\" data-ft=\"{\"tn\":\"K\"}\">\n<p>\u00a1Santa Mar\u00eda Santo del d\u00eda! 03-15-2016<br \/>\n\u00bfQui\u00e9n se parece m\u00e1s a Jes\u00fas en tu vida?<br \/>\nMarkus Downs Gr. 5 Mi Nana porque me cuida mucho.<br \/>\nMichael Ward Gr.2  Mi hermano Buddy Ward porque le gusta el baloncesto.<\/p>\n<div class=\"_5wpt\"><\/div>\n<\/div>\n<div class=\"_3x-2\">\n<div data-ft=\"{\"tn\":\"H\"}\">\n<div class=\"mtm\">\n<div class=\"_5cq3\" data-ft=\"{\"tn\":\"E\"}\">\n<div id=\"u_0_25\" class=\"uiScaledImageContainer _4-ep\"><img loading=\"lazy\" decoding=\"async\" class=\"scaledImageFitHeight img\" src=\"https:\/\/scontent-lga3-1.xx.fbcdn.net\/hphotos-xfl1\/v\/t1.0-0\/p296x100\/12003941_1248841948478590_5253526664978496954_n.jpg?oh=f1bac8efaa271e2c24fd86e33d051e75&amp;oe=574DAB3B\" alt=\"Foto de Santa Mar\u00eda Asunci\u00f3n.\" width=\"296\" height=\"394\"><\/div>\n<\/div>\n<\/div>\n<\/div>\n<\/div>\n","protected":false},"excerpt":{"rendered":"<p>\u00a1Santa Mar\u00eda Santo del d\u00eda! 03-15-2016 \u00bfQui\u00e9n se parece m\u00e1s a Jes\u00fas en tu vida? Markus Downs Gr. 5 Mi Nana porque me cuida mucho. Michael Ward Gr.2 Mi hermano Buddy Ward porque le gusta el baloncesto.<\/p>\n","protected":false},"author":3,"featured_media":0,"comment_status":"closed","ping_status":"closed","sticky":false,"template":"","format":"standard","meta":{"_monsterinsights_skip_tracking":false,"_monsterinsights_sitenote_active":false,"_monsterinsights_sitenote_note":"","_monsterinsights_sitenote_category":0,"footnotes":""},"categories":[44],"tags":[],"class_list":["post-10536","post","type-post","status-publish","format-standard","hentry","category-sin-categorizar"],"yoast_head":"<!-- This site is optimized with the Yoast SEO plugin v27.5 - https:\/\/yoast.com\/product\/yoast-seo-wordpress\/ -->\n<title>\u00a1Santa Mar\u00eda Santo del d\u00eda! 03-15-2016 - St. Mary of the Assumption Catholic School<\/title>\n<meta name=\"robots\" content=\"index, follow, max-snippet:-1, max-image-preview:large, max-video-preview:-1\" \/>\n<link rel=\"canonical\" href=\"https:\/\/stmaryum.org\/es\/santa-maria-santo-del-dia-03-15-2016\/\" \/>\n<meta property=\"og:locale\" content=\"es_ES\" \/>\n<meta property=\"og:type\" content=\"article\" \/>\n<meta property=\"og:title\" content=\"\u00a1Santa Mar\u00eda Santo del d\u00eda! 03-15-2016 - St. Mary of the Assumption Catholic School\" \/>\n<meta property=\"og:description\" content=\"\u00a1Santa Mar\u00eda Santo del d\u00eda! 03-15-2016 \u00bfQui\u00e9n se parece m\u00e1s a Jes\u00fas en tu vida? Markus Downs Gr. 5 Mi Nana porque me cuida mucho. Michael Ward Gr.2 Mi hermano Buddy Ward porque le gusta el baloncesto.\" \/>\n<meta property=\"og:url\" content=\"https:\/\/stmaryum.org\/es\/santa-maria-santo-del-dia-03-15-2016\/\" \/>\n<meta property=\"og:site_name\" content=\"St. Mary of the Assumption Catholic School\" \/>\n<meta property=\"article:published_time\" content=\"2016-03-16T16:36:58+00:00\" \/>\n<meta property=\"og:image\" content=\"https:\/\/scontent-lga3-1.xx.fbcdn.net\/hphotos-xfl1\/v\/t1.0-0\/p296x100\/12003941_1248841948478590_5253526664978496954_n.jpg?oh=f1bac8efaa271e2c24fd86e33d051e75&amp;oe=574DAB3B\" \/>\n<meta name=\"author\" content=\"Tamera Campbell\" \/>\n<meta name=\"twitter:card\" content=\"summary_large_image\" \/>\n<meta name=\"twitter:label1\" content=\"Escrito por\" \/>\n\t<meta name=\"twitter:data1\" content=\"Tamera Campbell\" \/>\n<script type=\"application\/ld+json\" class=\"yoast-schema-graph\">{\"@context\":\"https:\\\/\\\/schema.org\",\"@graph\":[{\"@type\":\"Article\",\"@id\":\"https:\\\/\\\/stmaryum.org\\\/es\\\/santa-maria-santo-del-dia-03-15-2016\\\/#article\",\"isPartOf\":{\"@id\":\"https:\\\/\\\/stmaryum.org\\\/es\\\/santa-maria-santo-del-dia-03-15-2016\\\/\"},\"author\":{\"name\":\"Tamera Campbell\",\"@id\":\"https:\\\/\\\/stmaryum.org\\\/es\\\/#\\\/schema\\\/person\\\/37deefb0b4b617d0d0049c803c62f264\"},\"headline\":\"\u00a1Santa Mar\u00eda Santo del d\u00eda! 03-15-2016\",\"datePublished\":\"2016-03-16T16:36:58+00:00\",\"mainEntityOfPage\":{\"@id\":\"https:\\\/\\\/stmaryum.org\\\/es\\\/santa-maria-santo-del-dia-03-15-2016\\\/\"},\"wordCount\":51,\"image\":{\"@id\":\"https:\\\/\\\/stmaryum.org\\\/es\\\/santa-maria-santo-del-dia-03-15-2016\\\/#primaryimage\"},\"thumbnailUrl\":\"https:\\\/\\\/scontent-lga3-1.xx.fbcdn.net\\\/hphotos-xfl1\\\/v\\\/t1.0-0\\\/p296x100\\\/12003941_1248841948478590_5253526664978496954_n.jpg?oh=f1bac8efaa271e2c24fd86e33d051e75&amp;oe=574DAB3B\",\"articleSection\":[\"Sin categorizar\"],\"inLanguage\":\"es\"},{\"@type\":\"WebPage\",\"@id\":\"https:\\\/\\\/stmaryum.org\\\/es\\\/santa-maria-santo-del-dia-03-15-2016\\\/\",\"url\":\"https:\\\/\\\/stmaryum.org\\\/es\\\/santa-maria-santo-del-dia-03-15-2016\\\/\",\"name\":\"\u00a1Santa Mar\u00eda Santo del d\u00eda! 03-15-2016 - St. Mary of the Assumption Catholic School\",\"isPartOf\":{\"@id\":\"https:\\\/\\\/stmaryum.org\\\/es\\\/#website\"},\"primaryImageOfPage\":{\"@id\":\"https:\\\/\\\/stmaryum.org\\\/es\\\/santa-maria-santo-del-dia-03-15-2016\\\/#primaryimage\"},\"image\":{\"@id\":\"https:\\\/\\\/stmaryum.org\\\/es\\\/santa-maria-santo-del-dia-03-15-2016\\\/#primaryimage\"},\"thumbnailUrl\":\"https:\\\/\\\/scontent-lga3-1.xx.fbcdn.net\\\/hphotos-xfl1\\\/v\\\/t1.0-0\\\/p296x100\\\/12003941_1248841948478590_5253526664978496954_n.jpg?oh=f1bac8efaa271e2c24fd86e33d051e75&amp;oe=574DAB3B\",\"datePublished\":\"2016-03-16T16:36:58+00:00\",\"author\":{\"@id\":\"https:\\\/\\\/stmaryum.org\\\/es\\\/#\\\/schema\\\/person\\\/37deefb0b4b617d0d0049c803c62f264\"},\"breadcrumb\":{\"@id\":\"https:\\\/\\\/stmaryum.org\\\/es\\\/santa-maria-santo-del-dia-03-15-2016\\\/#breadcrumb\"},\"inLanguage\":\"es\",\"potentialAction\":[{\"@type\":\"ReadAction\",\"target\":[\"https:\\\/\\\/stmaryum.org\\\/es\\\/santa-maria-santo-del-dia-03-15-2016\\\/\"]}]},{\"@type\":\"ImageObject\",\"inLanguage\":\"es\",\"@id\":\"https:\\\/\\\/stmaryum.org\\\/es\\\/santa-maria-santo-del-dia-03-15-2016\\\/#primaryimage\",\"url\":\"https:\\\/\\\/scontent-lga3-1.xx.fbcdn.net\\\/hphotos-xfl1\\\/v\\\/t1.0-0\\\/p296x100\\\/12003941_1248841948478590_5253526664978496954_n.jpg?oh=f1bac8efaa271e2c24fd86e33d051e75&amp;oe=574DAB3B\",\"contentUrl\":\"https:\\\/\\\/scontent-lga3-1.xx.fbcdn.net\\\/hphotos-xfl1\\\/v\\\/t1.0-0\\\/p296x100\\\/12003941_1248841948478590_5253526664978496954_n.jpg?oh=f1bac8efaa271e2c24fd86e33d051e75&amp;oe=574DAB3B\"},{\"@type\":\"BreadcrumbList\",\"@id\":\"https:\\\/\\\/stmaryum.org\\\/es\\\/santa-maria-santo-del-dia-03-15-2016\\\/#breadcrumb\",\"itemListElement\":[{\"@type\":\"ListItem\",\"position\":1,\"name\":\"Home\",\"item\":\"https:\\\/\\\/stmaryum.org\\\/es\\\/santa-maria-de-la-asuncion-2\\\/\"},{\"@type\":\"ListItem\",\"position\":2,\"name\":\"\u00a1Santa Mar\u00eda Santo del d\u00eda! 03-15-2016\"}]},{\"@type\":\"WebSite\",\"@id\":\"https:\\\/\\\/stmaryum.org\\\/es\\\/#website\",\"url\":\"https:\\\/\\\/stmaryum.org\\\/es\\\/\",\"name\":\"St. Mary of the Assumption Catholic School\",\"description\":\"Catholic elementary school founded by St. Mary of the Assumption Church in 1925\",\"potentialAction\":[{\"@type\":\"SearchAction\",\"target\":{\"@type\":\"EntryPoint\",\"urlTemplate\":\"https:\\\/\\\/stmaryum.org\\\/es\\\/?s={search_term_string}\"},\"query-input\":{\"@type\":\"PropertyValueSpecification\",\"valueRequired\":true,\"valueName\":\"search_term_string\"}}],\"inLanguage\":\"es\"},{\"@type\":\"Person\",\"@id\":\"https:\\\/\\\/stmaryum.org\\\/es\\\/#\\\/schema\\\/person\\\/37deefb0b4b617d0d0049c803c62f264\",\"name\":\"Tamera Campbell\",\"url\":\"https:\\\/\\\/stmaryum.org\\\/es\\\/author\\\/tamera\\\/\"}]}<\/script>\n<!-- \/ Yoast SEO plugin. -->","yoast_head_json":{"title":"\u00a1Santa Mar\u00eda Santo del d\u00eda! 03-15-2016 - St. Mary of the Assumption Catholic School","robots":{"index":"index","follow":"follow","max-snippet":"max-snippet:-1","max-image-preview":"max-image-preview:large","max-video-preview":"max-video-preview:-1"},"canonical":"https:\/\/stmaryum.org\/es\/santa-maria-santo-del-dia-03-15-2016\/","og_locale":"es_ES","og_type":"article","og_title":"\u00a1Santa Mar\u00eda Santo del d\u00eda! 03-15-2016 - St. Mary of the Assumption Catholic School","og_description":"\u00a1Santa Mar\u00eda Santo del d\u00eda! 03-15-2016 \u00bfQui\u00e9n se parece m\u00e1s a Jes\u00fas en tu vida? Markus Downs Gr. 5 Mi Nana porque me cuida mucho. Michael Ward Gr.2 Mi hermano Buddy Ward porque le gusta el baloncesto.","og_url":"https:\/\/stmaryum.org\/es\/santa-maria-santo-del-dia-03-15-2016\/","og_site_name":"St. Mary of the Assumption Catholic School","article_published_time":"2016-03-16T16:36:58+00:00","og_image":[{"url":"https:\/\/scontent-lga3-1.xx.fbcdn.net\/hphotos-xfl1\/v\/t1.0-0\/p296x100\/12003941_1248841948478590_5253526664978496954_n.jpg?oh=f1bac8efaa271e2c24fd86e33d051e75&amp;oe=574DAB3B","type":"","width":"","height":""}],"author":"Tamera Campbell","twitter_card":"summary_large_image","twitter_misc":{"Escrito por":"Tamera Campbell"},"schema":{"@context":"https:\/\/schema.org","@graph":[{"@type":"Article","@id":"https:\/\/stmaryum.org\/es\/santa-maria-santo-del-dia-03-15-2016\/#article","isPartOf":{"@id":"https:\/\/stmaryum.org\/es\/santa-maria-santo-del-dia-03-15-2016\/"},"author":{"name":"Tamera Campbell","@id":"https:\/\/stmaryum.org\/es\/#\/schema\/person\/37deefb0b4b617d0d0049c803c62f264"},"headline":"\u00a1Santa Mar\u00eda Santo del d\u00eda! 03-15-2016","datePublished":"2016-03-16T16:36:58+00:00","mainEntityOfPage":{"@id":"https:\/\/stmaryum.org\/es\/santa-maria-santo-del-dia-03-15-2016\/"},"wordCount":51,"image":{"@id":"https:\/\/stmaryum.org\/es\/santa-maria-santo-del-dia-03-15-2016\/#primaryimage"},"thumbnailUrl":"https:\/\/scontent-lga3-1.xx.fbcdn.net\/hphotos-xfl1\/v\/t1.0-0\/p296x100\/12003941_1248841948478590_5253526664978496954_n.jpg?oh=f1bac8efaa271e2c24fd86e33d051e75&amp;oe=574DAB3B","articleSection":["Sin categorizar"],"inLanguage":"es"},{"@type":"WebPage","@id":"https:\/\/stmaryum.org\/es\/santa-maria-santo-del-dia-03-15-2016\/","url":"https:\/\/stmaryum.org\/es\/santa-maria-santo-del-dia-03-15-2016\/","name":"\u00a1Santa Mar\u00eda Santo del d\u00eda! 03-15-2016 - St. Mary of the Assumption Catholic School","isPartOf":{"@id":"https:\/\/stmaryum.org\/es\/#website"},"primaryImageOfPage":{"@id":"https:\/\/stmaryum.org\/es\/santa-maria-santo-del-dia-03-15-2016\/#primaryimage"},"image":{"@id":"https:\/\/stmaryum.org\/es\/santa-maria-santo-del-dia-03-15-2016\/#primaryimage"},"thumbnailUrl":"https:\/\/scontent-lga3-1.xx.fbcdn.net\/hphotos-xfl1\/v\/t1.0-0\/p296x100\/12003941_1248841948478590_5253526664978496954_n.jpg?oh=f1bac8efaa271e2c24fd86e33d051e75&amp;oe=574DAB3B","datePublished":"2016-03-16T16:36:58+00:00","author":{"@id":"https:\/\/stmaryum.org\/es\/#\/schema\/person\/37deefb0b4b617d0d0049c803c62f264"},"breadcrumb":{"@id":"https:\/\/stmaryum.org\/es\/santa-maria-santo-del-dia-03-15-2016\/#breadcrumb"},"inLanguage":"es","potentialAction":[{"@type":"ReadAction","target":["https:\/\/stmaryum.org\/es\/santa-maria-santo-del-dia-03-15-2016\/"]}]},{"@type":"ImageObject","inLanguage":"es","@id":"https:\/\/stmaryum.org\/es\/santa-maria-santo-del-dia-03-15-2016\/#primaryimage","url":"https:\/\/scontent-lga3-1.xx.fbcdn.net\/hphotos-xfl1\/v\/t1.0-0\/p296x100\/12003941_1248841948478590_5253526664978496954_n.jpg?oh=f1bac8efaa271e2c24fd86e33d051e75&amp;oe=574DAB3B","contentUrl":"https:\/\/scontent-lga3-1.xx.fbcdn.net\/hphotos-xfl1\/v\/t1.0-0\/p296x100\/12003941_1248841948478590_5253526664978496954_n.jpg?oh=f1bac8efaa271e2c24fd86e33d051e75&amp;oe=574DAB3B"},{"@type":"BreadcrumbList","@id":"https:\/\/stmaryum.org\/es\/santa-maria-santo-del-dia-03-15-2016\/#breadcrumb","itemListElement":[{"@type":"ListItem","position":1,"name":"Home","item":"https:\/\/stmaryum.org\/es\/santa-maria-de-la-asuncion-2\/"},{"@type":"ListItem","position":2,"name":"\u00a1Santa Mar\u00eda Santo del d\u00eda! 03-15-2016"}]},{"@type":"WebSite","@id":"https:\/\/stmaryum.org\/es\/#website","url":"https:\/\/stmaryum.org\/es\/","name":"St. Mary of the Assumption Catholic School","description":"Catholic elementary school founded by St. Mary of the Assumption Church in 1925","potentialAction":[{"@type":"SearchAction","target":{"@type":"EntryPoint","urlTemplate":"https:\/\/stmaryum.org\/es\/?s={search_term_string}"},"query-input":{"@type":"PropertyValueSpecification","valueRequired":true,"valueName":"search_term_string"}}],"inLanguage":"es"},{"@type":"Person","@id":"https:\/\/stmaryum.org\/es\/#\/schema\/person\/37deefb0b4b617d0d0049c803c62f264","name":"Tamera Campbell","url":"https:\/\/stmaryum.org\/es\/author\/tamera\/"}]}},"_links":{"self":[{"href":"https:\/\/stmaryum.org\/es\/wp-json\/wp\/v2\/posts\/10536","targetHints":{"allow":["GET"]}}],"collection":[{"href":"https:\/\/stmaryum.org\/es\/wp-json\/wp\/v2\/posts"}],"about":[{"href":"https:\/\/stmaryum.org\/es\/wp-json\/wp\/v2\/types\/post"}],"author":[{"embeddable":true,"href":"https:\/\/stmaryum.org\/es\/wp-json\/wp\/v2\/users\/3"}],"replies":[{"embeddable":true,"href":"https:\/\/stmaryum.org\/es\/wp-json\/wp\/v2\/comments?post=10536"}],"version-history":[{"count":0,"href":"https:\/\/stmaryum.org\/es\/wp-json\/wp\/v2\/posts\/10536\/revisions"}],"wp:attachment":[{"href":"https:\/\/stmaryum.org\/es\/wp-json\/wp\/v2\/media?parent=10536"}],"wp:term":[{"taxonomy":"category","embeddable":true,"href":"https:\/\/stmaryum.org\/es\/wp-json\/wp\/v2\/categories?post=10536"},{"taxonomy":"post_tag","embeddable":true,"href":"https:\/\/stmaryum.org\/es\/wp-json\/wp\/v2\/tags?post=10536"}],"curies":[{"name":"wp","href":"https:\/\/api.w.org\/{rel}","templated":true}]}}