{"id":10542,"date":"2016-04-05T12:19:04","date_gmt":"2016-04-05T12:19:04","guid":{"rendered":"https:\/\/stmaryum.org\/santa-maria-santo-del-dia-04-05-2016-2\/"},"modified":"2016-04-05T12:19:04","modified_gmt":"2016-04-05T12:19:04","slug":"santa-maria-santo-del-dia-04-05-2016-2","status":"publish","type":"post","link":"https:\/\/stmaryum.org\/es\/santa-maria-santo-del-dia-04-05-2016-2\/","title":{"rendered":"\u00a1Santa Mar\u00eda Santo del d\u00eda! 04-05-2016"},"content":{"rendered":"<div id=\"js_2y\" class=\"_5pbx userContent\" data-ft=\"{\"tn\":\"K\"}\">\n<p>\u00a1Santa Mar\u00eda Santo del d\u00eda! 04-05-2016<br \/>\n\u00a1Qui\u00e9n en tu vida se parece m\u00e1s a Jes\u00fas!<br \/>\nJordan Johnson Gr. K Mam\u00e1 y pap\u00e1 porque me protegen y van a la iglesia.<br \/>\nAlex McCauley Gr. 5 Mi madre porque es muy agradable y sorprendente.<\/p>\n<div class=\"_5wpt\"><\/div>\n<\/div>\n<div class=\"_3x-2\">\n<div data-ft=\"{\"tn\":\"H\"}\">\n<div class=\"mtm\">\n<div class=\"_5cq3\" data-ft=\"{\"tn\":\"E\"}\">\n<div id=\"u_jsonp_4_1c\" class=\"uiScaledImageContainer _4-ep\"><img loading=\"lazy\" decoding=\"async\" class=\"scaledImageFitHeight img\" src=\"https:\/\/scontent-atl3-1.xx.fbcdn.net\/hphotos-xpt1\/v\/t1.0-0\/p296x100\/12472331_1270295662999885_780570802944442731_n.jpg?oh=14d600e52cd07f15b6d68705a0308cb8&amp;oe=57806775\" alt=\"Foto de Santa Mar\u00eda Asunci\u00f3n.\" width=\"296\" height=\"394\"><\/div>\n<\/div>\n<\/div>\n<\/div>\n<\/div>\n","protected":false},"excerpt":{"rendered":"<p>\u00a1Santa Mar\u00eda Santo del d\u00eda! 04-05-2016 \u00a1Qui\u00e9n en tu vida se parece m\u00e1s a Jes\u00fas! Jordan Johnson Gr. K Mam\u00e1 y pap\u00e1 porque me protegen y van a la iglesia. Alex McCauley Gr. 5 Mi madre porque es muy agradable y sorprendente.<\/p>\n","protected":false},"author":3,"featured_media":0,"comment_status":"closed","ping_status":"closed","sticky":false,"template":"","format":"standard","meta":{"_monsterinsights_skip_tracking":false,"_monsterinsights_sitenote_active":false,"_monsterinsights_sitenote_note":"","_monsterinsights_sitenote_category":0,"footnotes":""},"categories":[44],"tags":[],"class_list":["post-10542","post","type-post","status-publish","format-standard","hentry","category-sin-categorizar"],"yoast_head":"<!-- This site is optimized with the Yoast SEO plugin v27.5 - https:\/\/yoast.com\/product\/yoast-seo-wordpress\/ -->\n<title>\u00a1Santa Mar\u00eda Santo del d\u00eda! 04-05-2016 - St. Mary of the Assumption Catholic School<\/title>\n<meta name=\"robots\" content=\"index, follow, max-snippet:-1, max-image-preview:large, max-video-preview:-1\" \/>\n<link rel=\"canonical\" href=\"https:\/\/stmaryum.org\/es\/santa-maria-santo-del-dia-04-05-2016-2\/\" \/>\n<meta property=\"og:locale\" content=\"es_ES\" \/>\n<meta property=\"og:type\" content=\"article\" \/>\n<meta property=\"og:title\" content=\"\u00a1Santa Mar\u00eda Santo del d\u00eda! 04-05-2016 - St. Mary of the Assumption Catholic School\" \/>\n<meta property=\"og:description\" content=\"\u00a1Santa Mar\u00eda Santo del d\u00eda! 04-05-2016 \u00a1Qui\u00e9n en tu vida se parece m\u00e1s a Jes\u00fas! Jordan Johnson Gr. K Mam\u00e1 y pap\u00e1 porque me protegen y van a la iglesia. Alex McCauley Gr. 5 Mi madre porque es muy agradable y sorprendente.\" \/>\n<meta property=\"og:url\" content=\"https:\/\/stmaryum.org\/es\/santa-maria-santo-del-dia-04-05-2016-2\/\" \/>\n<meta property=\"og:site_name\" content=\"St. Mary of the Assumption Catholic School\" \/>\n<meta property=\"article:published_time\" content=\"2016-04-05T12:19:04+00:00\" \/>\n<meta property=\"og:image\" content=\"https:\/\/scontent-atl3-1.xx.fbcdn.net\/hphotos-xpt1\/v\/t1.0-0\/p296x100\/12472331_1270295662999885_780570802944442731_n.jpg?oh=14d600e52cd07f15b6d68705a0308cb8&amp;oe=57806775\" \/>\n<meta name=\"author\" content=\"Tamera Campbell\" \/>\n<meta name=\"twitter:card\" content=\"summary_large_image\" \/>\n<meta name=\"twitter:label1\" content=\"Escrito por\" \/>\n\t<meta name=\"twitter:data1\" content=\"Tamera Campbell\" \/>\n<script type=\"application\/ld+json\" class=\"yoast-schema-graph\">{\"@context\":\"https:\\\/\\\/schema.org\",\"@graph\":[{\"@type\":\"Article\",\"@id\":\"https:\\\/\\\/stmaryum.org\\\/es\\\/santa-maria-santo-del-dia-04-05-2016-2\\\/#article\",\"isPartOf\":{\"@id\":\"https:\\\/\\\/stmaryum.org\\\/es\\\/santa-maria-santo-del-dia-04-05-2016-2\\\/\"},\"author\":{\"name\":\"Tamera Campbell\",\"@id\":\"https:\\\/\\\/stmaryum.org\\\/es\\\/#\\\/schema\\\/person\\\/37deefb0b4b617d0d0049c803c62f264\"},\"headline\":\"\u00a1Santa Mar\u00eda Santo del d\u00eda! 04-05-2016\",\"datePublished\":\"2016-04-05T12:19:04+00:00\",\"mainEntityOfPage\":{\"@id\":\"https:\\\/\\\/stmaryum.org\\\/es\\\/santa-maria-santo-del-dia-04-05-2016-2\\\/\"},\"wordCount\":56,\"image\":{\"@id\":\"https:\\\/\\\/stmaryum.org\\\/es\\\/santa-maria-santo-del-dia-04-05-2016-2\\\/#primaryimage\"},\"thumbnailUrl\":\"https:\\\/\\\/scontent-atl3-1.xx.fbcdn.net\\\/hphotos-xpt1\\\/v\\\/t1.0-0\\\/p296x100\\\/12472331_1270295662999885_780570802944442731_n.jpg?oh=14d600e52cd07f15b6d68705a0308cb8&amp;oe=57806775\",\"articleSection\":[\"Sin categorizar\"],\"inLanguage\":\"es\"},{\"@type\":\"WebPage\",\"@id\":\"https:\\\/\\\/stmaryum.org\\\/es\\\/santa-maria-santo-del-dia-04-05-2016-2\\\/\",\"url\":\"https:\\\/\\\/stmaryum.org\\\/es\\\/santa-maria-santo-del-dia-04-05-2016-2\\\/\",\"name\":\"\u00a1Santa Mar\u00eda Santo del d\u00eda! 04-05-2016 - St. Mary of the Assumption Catholic School\",\"isPartOf\":{\"@id\":\"https:\\\/\\\/stmaryum.org\\\/es\\\/#website\"},\"primaryImageOfPage\":{\"@id\":\"https:\\\/\\\/stmaryum.org\\\/es\\\/santa-maria-santo-del-dia-04-05-2016-2\\\/#primaryimage\"},\"image\":{\"@id\":\"https:\\\/\\\/stmaryum.org\\\/es\\\/santa-maria-santo-del-dia-04-05-2016-2\\\/#primaryimage\"},\"thumbnailUrl\":\"https:\\\/\\\/scontent-atl3-1.xx.fbcdn.net\\\/hphotos-xpt1\\\/v\\\/t1.0-0\\\/p296x100\\\/12472331_1270295662999885_780570802944442731_n.jpg?oh=14d600e52cd07f15b6d68705a0308cb8&amp;oe=57806775\",\"datePublished\":\"2016-04-05T12:19:04+00:00\",\"author\":{\"@id\":\"https:\\\/\\\/stmaryum.org\\\/es\\\/#\\\/schema\\\/person\\\/37deefb0b4b617d0d0049c803c62f264\"},\"breadcrumb\":{\"@id\":\"https:\\\/\\\/stmaryum.org\\\/es\\\/santa-maria-santo-del-dia-04-05-2016-2\\\/#breadcrumb\"},\"inLanguage\":\"es\",\"potentialAction\":[{\"@type\":\"ReadAction\",\"target\":[\"https:\\\/\\\/stmaryum.org\\\/es\\\/santa-maria-santo-del-dia-04-05-2016-2\\\/\"]}]},{\"@type\":\"ImageObject\",\"inLanguage\":\"es\",\"@id\":\"https:\\\/\\\/stmaryum.org\\\/es\\\/santa-maria-santo-del-dia-04-05-2016-2\\\/#primaryimage\",\"url\":\"https:\\\/\\\/scontent-atl3-1.xx.fbcdn.net\\\/hphotos-xpt1\\\/v\\\/t1.0-0\\\/p296x100\\\/12472331_1270295662999885_780570802944442731_n.jpg?oh=14d600e52cd07f15b6d68705a0308cb8&amp;oe=57806775\",\"contentUrl\":\"https:\\\/\\\/scontent-atl3-1.xx.fbcdn.net\\\/hphotos-xpt1\\\/v\\\/t1.0-0\\\/p296x100\\\/12472331_1270295662999885_780570802944442731_n.jpg?oh=14d600e52cd07f15b6d68705a0308cb8&amp;oe=57806775\"},{\"@type\":\"BreadcrumbList\",\"@id\":\"https:\\\/\\\/stmaryum.org\\\/es\\\/santa-maria-santo-del-dia-04-05-2016-2\\\/#breadcrumb\",\"itemListElement\":[{\"@type\":\"ListItem\",\"position\":1,\"name\":\"Home\",\"item\":\"https:\\\/\\\/stmaryum.org\\\/es\\\/santa-maria-de-la-asuncion-2\\\/\"},{\"@type\":\"ListItem\",\"position\":2,\"name\":\"\u00a1Santa Mar\u00eda Santo del d\u00eda! 04-05-2016\"}]},{\"@type\":\"WebSite\",\"@id\":\"https:\\\/\\\/stmaryum.org\\\/es\\\/#website\",\"url\":\"https:\\\/\\\/stmaryum.org\\\/es\\\/\",\"name\":\"St. Mary of the Assumption Catholic School\",\"description\":\"Catholic elementary school founded by St. Mary of the Assumption Church in 1925\",\"potentialAction\":[{\"@type\":\"SearchAction\",\"target\":{\"@type\":\"EntryPoint\",\"urlTemplate\":\"https:\\\/\\\/stmaryum.org\\\/es\\\/?s={search_term_string}\"},\"query-input\":{\"@type\":\"PropertyValueSpecification\",\"valueRequired\":true,\"valueName\":\"search_term_string\"}}],\"inLanguage\":\"es\"},{\"@type\":\"Person\",\"@id\":\"https:\\\/\\\/stmaryum.org\\\/es\\\/#\\\/schema\\\/person\\\/37deefb0b4b617d0d0049c803c62f264\",\"name\":\"Tamera Campbell\",\"url\":\"https:\\\/\\\/stmaryum.org\\\/es\\\/author\\\/tamera\\\/\"}]}<\/script>\n<!-- \/ Yoast SEO plugin. -->","yoast_head_json":{"title":"\u00a1Santa Mar\u00eda Santo del d\u00eda! 04-05-2016 - St. Mary of the Assumption Catholic School","robots":{"index":"index","follow":"follow","max-snippet":"max-snippet:-1","max-image-preview":"max-image-preview:large","max-video-preview":"max-video-preview:-1"},"canonical":"https:\/\/stmaryum.org\/es\/santa-maria-santo-del-dia-04-05-2016-2\/","og_locale":"es_ES","og_type":"article","og_title":"\u00a1Santa Mar\u00eda Santo del d\u00eda! 04-05-2016 - St. Mary of the Assumption Catholic School","og_description":"\u00a1Santa Mar\u00eda Santo del d\u00eda! 04-05-2016 \u00a1Qui\u00e9n en tu vida se parece m\u00e1s a Jes\u00fas! Jordan Johnson Gr. K Mam\u00e1 y pap\u00e1 porque me protegen y van a la iglesia. Alex McCauley Gr. 5 Mi madre porque es muy agradable y sorprendente.","og_url":"https:\/\/stmaryum.org\/es\/santa-maria-santo-del-dia-04-05-2016-2\/","og_site_name":"St. Mary of the Assumption Catholic School","article_published_time":"2016-04-05T12:19:04+00:00","og_image":[{"url":"https:\/\/scontent-atl3-1.xx.fbcdn.net\/hphotos-xpt1\/v\/t1.0-0\/p296x100\/12472331_1270295662999885_780570802944442731_n.jpg?oh=14d600e52cd07f15b6d68705a0308cb8&amp;oe=57806775","type":"","width":"","height":""}],"author":"Tamera Campbell","twitter_card":"summary_large_image","twitter_misc":{"Escrito por":"Tamera Campbell"},"schema":{"@context":"https:\/\/schema.org","@graph":[{"@type":"Article","@id":"https:\/\/stmaryum.org\/es\/santa-maria-santo-del-dia-04-05-2016-2\/#article","isPartOf":{"@id":"https:\/\/stmaryum.org\/es\/santa-maria-santo-del-dia-04-05-2016-2\/"},"author":{"name":"Tamera Campbell","@id":"https:\/\/stmaryum.org\/es\/#\/schema\/person\/37deefb0b4b617d0d0049c803c62f264"},"headline":"\u00a1Santa Mar\u00eda Santo del d\u00eda! 04-05-2016","datePublished":"2016-04-05T12:19:04+00:00","mainEntityOfPage":{"@id":"https:\/\/stmaryum.org\/es\/santa-maria-santo-del-dia-04-05-2016-2\/"},"wordCount":56,"image":{"@id":"https:\/\/stmaryum.org\/es\/santa-maria-santo-del-dia-04-05-2016-2\/#primaryimage"},"thumbnailUrl":"https:\/\/scontent-atl3-1.xx.fbcdn.net\/hphotos-xpt1\/v\/t1.0-0\/p296x100\/12472331_1270295662999885_780570802944442731_n.jpg?oh=14d600e52cd07f15b6d68705a0308cb8&amp;oe=57806775","articleSection":["Sin categorizar"],"inLanguage":"es"},{"@type":"WebPage","@id":"https:\/\/stmaryum.org\/es\/santa-maria-santo-del-dia-04-05-2016-2\/","url":"https:\/\/stmaryum.org\/es\/santa-maria-santo-del-dia-04-05-2016-2\/","name":"\u00a1Santa Mar\u00eda Santo del d\u00eda! 04-05-2016 - St. Mary of the Assumption Catholic School","isPartOf":{"@id":"https:\/\/stmaryum.org\/es\/#website"},"primaryImageOfPage":{"@id":"https:\/\/stmaryum.org\/es\/santa-maria-santo-del-dia-04-05-2016-2\/#primaryimage"},"image":{"@id":"https:\/\/stmaryum.org\/es\/santa-maria-santo-del-dia-04-05-2016-2\/#primaryimage"},"thumbnailUrl":"https:\/\/scontent-atl3-1.xx.fbcdn.net\/hphotos-xpt1\/v\/t1.0-0\/p296x100\/12472331_1270295662999885_780570802944442731_n.jpg?oh=14d600e52cd07f15b6d68705a0308cb8&amp;oe=57806775","datePublished":"2016-04-05T12:19:04+00:00","author":{"@id":"https:\/\/stmaryum.org\/es\/#\/schema\/person\/37deefb0b4b617d0d0049c803c62f264"},"breadcrumb":{"@id":"https:\/\/stmaryum.org\/es\/santa-maria-santo-del-dia-04-05-2016-2\/#breadcrumb"},"inLanguage":"es","potentialAction":[{"@type":"ReadAction","target":["https:\/\/stmaryum.org\/es\/santa-maria-santo-del-dia-04-05-2016-2\/"]}]},{"@type":"ImageObject","inLanguage":"es","@id":"https:\/\/stmaryum.org\/es\/santa-maria-santo-del-dia-04-05-2016-2\/#primaryimage","url":"https:\/\/scontent-atl3-1.xx.fbcdn.net\/hphotos-xpt1\/v\/t1.0-0\/p296x100\/12472331_1270295662999885_780570802944442731_n.jpg?oh=14d600e52cd07f15b6d68705a0308cb8&amp;oe=57806775","contentUrl":"https:\/\/scontent-atl3-1.xx.fbcdn.net\/hphotos-xpt1\/v\/t1.0-0\/p296x100\/12472331_1270295662999885_780570802944442731_n.jpg?oh=14d600e52cd07f15b6d68705a0308cb8&amp;oe=57806775"},{"@type":"BreadcrumbList","@id":"https:\/\/stmaryum.org\/es\/santa-maria-santo-del-dia-04-05-2016-2\/#breadcrumb","itemListElement":[{"@type":"ListItem","position":1,"name":"Home","item":"https:\/\/stmaryum.org\/es\/santa-maria-de-la-asuncion-2\/"},{"@type":"ListItem","position":2,"name":"\u00a1Santa Mar\u00eda Santo del d\u00eda! 04-05-2016"}]},{"@type":"WebSite","@id":"https:\/\/stmaryum.org\/es\/#website","url":"https:\/\/stmaryum.org\/es\/","name":"St. Mary of the Assumption Catholic School","description":"Catholic elementary school founded by St. Mary of the Assumption Church in 1925","potentialAction":[{"@type":"SearchAction","target":{"@type":"EntryPoint","urlTemplate":"https:\/\/stmaryum.org\/es\/?s={search_term_string}"},"query-input":{"@type":"PropertyValueSpecification","valueRequired":true,"valueName":"search_term_string"}}],"inLanguage":"es"},{"@type":"Person","@id":"https:\/\/stmaryum.org\/es\/#\/schema\/person\/37deefb0b4b617d0d0049c803c62f264","name":"Tamera Campbell","url":"https:\/\/stmaryum.org\/es\/author\/tamera\/"}]}},"_links":{"self":[{"href":"https:\/\/stmaryum.org\/es\/wp-json\/wp\/v2\/posts\/10542","targetHints":{"allow":["GET"]}}],"collection":[{"href":"https:\/\/stmaryum.org\/es\/wp-json\/wp\/v2\/posts"}],"about":[{"href":"https:\/\/stmaryum.org\/es\/wp-json\/wp\/v2\/types\/post"}],"author":[{"embeddable":true,"href":"https:\/\/stmaryum.org\/es\/wp-json\/wp\/v2\/users\/3"}],"replies":[{"embeddable":true,"href":"https:\/\/stmaryum.org\/es\/wp-json\/wp\/v2\/comments?post=10542"}],"version-history":[{"count":0,"href":"https:\/\/stmaryum.org\/es\/wp-json\/wp\/v2\/posts\/10542\/revisions"}],"wp:attachment":[{"href":"https:\/\/stmaryum.org\/es\/wp-json\/wp\/v2\/media?parent=10542"}],"wp:term":[{"taxonomy":"category","embeddable":true,"href":"https:\/\/stmaryum.org\/es\/wp-json\/wp\/v2\/categories?post=10542"},{"taxonomy":"post_tag","embeddable":true,"href":"https:\/\/stmaryum.org\/es\/wp-json\/wp\/v2\/tags?post=10542"}],"curies":[{"name":"wp","href":"https:\/\/api.w.org\/{rel}","templated":true}]}}