{"id":10561,"date":"2016-11-03T18:18:46","date_gmt":"2016-11-03T18:18:46","guid":{"rendered":"https:\/\/stmaryum.org\/santa-maria-santo-del-dia-2-de-noviembre\/"},"modified":"2016-11-03T18:18:46","modified_gmt":"2016-11-03T18:18:46","slug":"santa-maria-santo-del-dia-2-de-noviembre","status":"publish","type":"post","link":"https:\/\/stmaryum.org\/es\/santa-maria-santo-del-dia-2-de-noviembre\/","title":{"rendered":"Santa Mar\u00eda Santo del d\u00eda 2 de noviembre"},"content":{"rendered":"<div id=\"js_2e\" class=\"_5pbx userContent\" data-ft=\"{\"tn\":\"K\"}\">\n<p>Santa Mar\u00eda Santa del D\u00eda Nov.2<br \/>\nDurante el \u00abA\u00f1o de la Misericordia\u00bb, \u00bfQu\u00e9 has hecho para mostrar Misericordia?<br \/>\nGr.7 Matthew Hornick-Di de comer a los hambrientos.<br \/>\nGr.8 Juliana Oladipo-No golpear a mi hermana cuando tom\u00f3 mis cosas.<\/p>\n<\/div>\n<div class=\"_3x-2\">\n<div data-ft=\"{\"tn\":\"H\"}\">\n<div class=\"mtm\">\n<div class=\"_5cq3\" data-ft=\"{\"tn\":\"E\"}\">\n<div id=\"u_28_6\" class=\"uiScaledImageContainer _4-ep\"><img loading=\"lazy\" decoding=\"async\" class=\"scaledImageFitHeight img\" src=\"https:\/\/scontent-mia1-1.xx.fbcdn.net\/v\/t1.0-0\/p296x100\/14915472_1452952701400846_2889849849336971460_n.jpg?oh=12b936fa9697e6a6d941aa0159f7fc29&amp;oe=58D135F1\" alt=\"La imagen puede contener: 2 personas\" width=\"296\" height=\"394\"><\/div>\n<\/div>\n<\/div>\n<\/div>\n<\/div>\n","protected":false},"excerpt":{"rendered":"<p>Santa Mar\u00eda Santa del D\u00eda Nov.2 Durante el \u00abA\u00f1o de la Misericordia\u00bb, \u00bfQu\u00e9 has hecho para mostrar Misericordia? Gr.7 Matthew Hornick-Di de comer a los hambrientos. Gr.8 Juliana Oladipo-No golpear a mi hermana cuando tom\u00f3 mis cosas.<\/p>\n","protected":false},"author":3,"featured_media":0,"comment_status":"closed","ping_status":"closed","sticky":false,"template":"","format":"standard","meta":{"_monsterinsights_skip_tracking":false,"_monsterinsights_sitenote_active":false,"_monsterinsights_sitenote_note":"","_monsterinsights_sitenote_category":0,"footnotes":""},"categories":[44],"tags":[],"class_list":["post-10561","post","type-post","status-publish","format-standard","hentry","category-sin-categorizar"],"yoast_head":"<!-- This site is optimized with the Yoast SEO plugin v27.5 - https:\/\/yoast.com\/product\/yoast-seo-wordpress\/ -->\n<title>Santa Mar\u00eda Santo del d\u00eda 2 de noviembre - St. Mary of the Assumption Catholic School<\/title>\n<meta name=\"robots\" content=\"index, follow, max-snippet:-1, max-image-preview:large, max-video-preview:-1\" \/>\n<link rel=\"canonical\" href=\"https:\/\/stmaryum.org\/es\/santa-maria-santo-del-dia-2-de-noviembre\/\" \/>\n<meta property=\"og:locale\" content=\"es_ES\" \/>\n<meta property=\"og:type\" content=\"article\" \/>\n<meta property=\"og:title\" content=\"Santa Mar\u00eda Santo del d\u00eda 2 de noviembre - St. Mary of the Assumption Catholic School\" \/>\n<meta property=\"og:description\" content=\"Santa Mar\u00eda Santa del D\u00eda Nov.2 Durante el \u00abA\u00f1o de la Misericordia\u00bb, \u00bfQu\u00e9 has hecho para mostrar Misericordia? Gr.7 Matthew Hornick-Di de comer a los hambrientos. Gr.8 Juliana Oladipo-No golpear a mi hermana cuando tom\u00f3 mis cosas.\" \/>\n<meta property=\"og:url\" content=\"https:\/\/stmaryum.org\/es\/santa-maria-santo-del-dia-2-de-noviembre\/\" \/>\n<meta property=\"og:site_name\" content=\"St. Mary of the Assumption Catholic School\" \/>\n<meta property=\"article:published_time\" content=\"2016-11-03T18:18:46+00:00\" \/>\n<meta property=\"og:image\" content=\"https:\/\/scontent-mia1-1.xx.fbcdn.net\/v\/t1.0-0\/p296x100\/14915472_1452952701400846_2889849849336971460_n.jpg?oh=12b936fa9697e6a6d941aa0159f7fc29&amp;oe=58D135F1\" \/>\n<meta name=\"author\" content=\"Tamera Campbell\" \/>\n<meta name=\"twitter:card\" content=\"summary_large_image\" \/>\n<meta name=\"twitter:label1\" content=\"Escrito por\" \/>\n\t<meta name=\"twitter:data1\" content=\"Tamera Campbell\" \/>\n<script type=\"application\/ld+json\" class=\"yoast-schema-graph\">{\"@context\":\"https:\\\/\\\/schema.org\",\"@graph\":[{\"@type\":\"Article\",\"@id\":\"https:\\\/\\\/stmaryum.org\\\/es\\\/santa-maria-santo-del-dia-2-de-noviembre\\\/#article\",\"isPartOf\":{\"@id\":\"https:\\\/\\\/stmaryum.org\\\/es\\\/santa-maria-santo-del-dia-2-de-noviembre\\\/\"},\"author\":{\"name\":\"Tamera Campbell\",\"@id\":\"https:\\\/\\\/stmaryum.org\\\/es\\\/#\\\/schema\\\/person\\\/37deefb0b4b617d0d0049c803c62f264\"},\"headline\":\"Santa Mar\u00eda Santo del d\u00eda 2 de noviembre\",\"datePublished\":\"2016-11-03T18:18:46+00:00\",\"mainEntityOfPage\":{\"@id\":\"https:\\\/\\\/stmaryum.org\\\/es\\\/santa-maria-santo-del-dia-2-de-noviembre\\\/\"},\"wordCount\":49,\"image\":{\"@id\":\"https:\\\/\\\/stmaryum.org\\\/es\\\/santa-maria-santo-del-dia-2-de-noviembre\\\/#primaryimage\"},\"thumbnailUrl\":\"https:\\\/\\\/scontent-mia1-1.xx.fbcdn.net\\\/v\\\/t1.0-0\\\/p296x100\\\/14915472_1452952701400846_2889849849336971460_n.jpg?oh=12b936fa9697e6a6d941aa0159f7fc29&amp;oe=58D135F1\",\"articleSection\":[\"Sin categorizar\"],\"inLanguage\":\"es\"},{\"@type\":\"WebPage\",\"@id\":\"https:\\\/\\\/stmaryum.org\\\/es\\\/santa-maria-santo-del-dia-2-de-noviembre\\\/\",\"url\":\"https:\\\/\\\/stmaryum.org\\\/es\\\/santa-maria-santo-del-dia-2-de-noviembre\\\/\",\"name\":\"Santa Mar\u00eda Santo del d\u00eda 2 de noviembre - St. Mary of the Assumption Catholic School\",\"isPartOf\":{\"@id\":\"https:\\\/\\\/stmaryum.org\\\/es\\\/#website\"},\"primaryImageOfPage\":{\"@id\":\"https:\\\/\\\/stmaryum.org\\\/es\\\/santa-maria-santo-del-dia-2-de-noviembre\\\/#primaryimage\"},\"image\":{\"@id\":\"https:\\\/\\\/stmaryum.org\\\/es\\\/santa-maria-santo-del-dia-2-de-noviembre\\\/#primaryimage\"},\"thumbnailUrl\":\"https:\\\/\\\/scontent-mia1-1.xx.fbcdn.net\\\/v\\\/t1.0-0\\\/p296x100\\\/14915472_1452952701400846_2889849849336971460_n.jpg?oh=12b936fa9697e6a6d941aa0159f7fc29&amp;oe=58D135F1\",\"datePublished\":\"2016-11-03T18:18:46+00:00\",\"author\":{\"@id\":\"https:\\\/\\\/stmaryum.org\\\/es\\\/#\\\/schema\\\/person\\\/37deefb0b4b617d0d0049c803c62f264\"},\"breadcrumb\":{\"@id\":\"https:\\\/\\\/stmaryum.org\\\/es\\\/santa-maria-santo-del-dia-2-de-noviembre\\\/#breadcrumb\"},\"inLanguage\":\"es\",\"potentialAction\":[{\"@type\":\"ReadAction\",\"target\":[\"https:\\\/\\\/stmaryum.org\\\/es\\\/santa-maria-santo-del-dia-2-de-noviembre\\\/\"]}]},{\"@type\":\"ImageObject\",\"inLanguage\":\"es\",\"@id\":\"https:\\\/\\\/stmaryum.org\\\/es\\\/santa-maria-santo-del-dia-2-de-noviembre\\\/#primaryimage\",\"url\":\"https:\\\/\\\/scontent-mia1-1.xx.fbcdn.net\\\/v\\\/t1.0-0\\\/p296x100\\\/14915472_1452952701400846_2889849849336971460_n.jpg?oh=12b936fa9697e6a6d941aa0159f7fc29&amp;oe=58D135F1\",\"contentUrl\":\"https:\\\/\\\/scontent-mia1-1.xx.fbcdn.net\\\/v\\\/t1.0-0\\\/p296x100\\\/14915472_1452952701400846_2889849849336971460_n.jpg?oh=12b936fa9697e6a6d941aa0159f7fc29&amp;oe=58D135F1\"},{\"@type\":\"BreadcrumbList\",\"@id\":\"https:\\\/\\\/stmaryum.org\\\/es\\\/santa-maria-santo-del-dia-2-de-noviembre\\\/#breadcrumb\",\"itemListElement\":[{\"@type\":\"ListItem\",\"position\":1,\"name\":\"Home\",\"item\":\"https:\\\/\\\/stmaryum.org\\\/es\\\/santa-maria-de-la-asuncion-2\\\/\"},{\"@type\":\"ListItem\",\"position\":2,\"name\":\"Santa Mar\u00eda Santo del d\u00eda 2 de noviembre\"}]},{\"@type\":\"WebSite\",\"@id\":\"https:\\\/\\\/stmaryum.org\\\/es\\\/#website\",\"url\":\"https:\\\/\\\/stmaryum.org\\\/es\\\/\",\"name\":\"St. Mary of the Assumption Catholic School\",\"description\":\"Catholic elementary school founded by St. Mary of the Assumption Church in 1925\",\"potentialAction\":[{\"@type\":\"SearchAction\",\"target\":{\"@type\":\"EntryPoint\",\"urlTemplate\":\"https:\\\/\\\/stmaryum.org\\\/es\\\/?s={search_term_string}\"},\"query-input\":{\"@type\":\"PropertyValueSpecification\",\"valueRequired\":true,\"valueName\":\"search_term_string\"}}],\"inLanguage\":\"es\"},{\"@type\":\"Person\",\"@id\":\"https:\\\/\\\/stmaryum.org\\\/es\\\/#\\\/schema\\\/person\\\/37deefb0b4b617d0d0049c803c62f264\",\"name\":\"Tamera Campbell\",\"url\":\"https:\\\/\\\/stmaryum.org\\\/es\\\/author\\\/tamera\\\/\"}]}<\/script>\n<!-- \/ Yoast SEO plugin. -->","yoast_head_json":{"title":"Santa Mar\u00eda Santo del d\u00eda 2 de noviembre - St. Mary of the Assumption Catholic School","robots":{"index":"index","follow":"follow","max-snippet":"max-snippet:-1","max-image-preview":"max-image-preview:large","max-video-preview":"max-video-preview:-1"},"canonical":"https:\/\/stmaryum.org\/es\/santa-maria-santo-del-dia-2-de-noviembre\/","og_locale":"es_ES","og_type":"article","og_title":"Santa Mar\u00eda Santo del d\u00eda 2 de noviembre - St. Mary of the Assumption Catholic School","og_description":"Santa Mar\u00eda Santa del D\u00eda Nov.2 Durante el \u00abA\u00f1o de la Misericordia\u00bb, \u00bfQu\u00e9 has hecho para mostrar Misericordia? Gr.7 Matthew Hornick-Di de comer a los hambrientos. Gr.8 Juliana Oladipo-No golpear a mi hermana cuando tom\u00f3 mis cosas.","og_url":"https:\/\/stmaryum.org\/es\/santa-maria-santo-del-dia-2-de-noviembre\/","og_site_name":"St. Mary of the Assumption Catholic School","article_published_time":"2016-11-03T18:18:46+00:00","og_image":[{"url":"https:\/\/scontent-mia1-1.xx.fbcdn.net\/v\/t1.0-0\/p296x100\/14915472_1452952701400846_2889849849336971460_n.jpg?oh=12b936fa9697e6a6d941aa0159f7fc29&amp;oe=58D135F1","type":"","width":"","height":""}],"author":"Tamera Campbell","twitter_card":"summary_large_image","twitter_misc":{"Escrito por":"Tamera Campbell"},"schema":{"@context":"https:\/\/schema.org","@graph":[{"@type":"Article","@id":"https:\/\/stmaryum.org\/es\/santa-maria-santo-del-dia-2-de-noviembre\/#article","isPartOf":{"@id":"https:\/\/stmaryum.org\/es\/santa-maria-santo-del-dia-2-de-noviembre\/"},"author":{"name":"Tamera Campbell","@id":"https:\/\/stmaryum.org\/es\/#\/schema\/person\/37deefb0b4b617d0d0049c803c62f264"},"headline":"Santa Mar\u00eda Santo del d\u00eda 2 de noviembre","datePublished":"2016-11-03T18:18:46+00:00","mainEntityOfPage":{"@id":"https:\/\/stmaryum.org\/es\/santa-maria-santo-del-dia-2-de-noviembre\/"},"wordCount":49,"image":{"@id":"https:\/\/stmaryum.org\/es\/santa-maria-santo-del-dia-2-de-noviembre\/#primaryimage"},"thumbnailUrl":"https:\/\/scontent-mia1-1.xx.fbcdn.net\/v\/t1.0-0\/p296x100\/14915472_1452952701400846_2889849849336971460_n.jpg?oh=12b936fa9697e6a6d941aa0159f7fc29&amp;oe=58D135F1","articleSection":["Sin categorizar"],"inLanguage":"es"},{"@type":"WebPage","@id":"https:\/\/stmaryum.org\/es\/santa-maria-santo-del-dia-2-de-noviembre\/","url":"https:\/\/stmaryum.org\/es\/santa-maria-santo-del-dia-2-de-noviembre\/","name":"Santa Mar\u00eda Santo del d\u00eda 2 de noviembre - St. Mary of the Assumption Catholic School","isPartOf":{"@id":"https:\/\/stmaryum.org\/es\/#website"},"primaryImageOfPage":{"@id":"https:\/\/stmaryum.org\/es\/santa-maria-santo-del-dia-2-de-noviembre\/#primaryimage"},"image":{"@id":"https:\/\/stmaryum.org\/es\/santa-maria-santo-del-dia-2-de-noviembre\/#primaryimage"},"thumbnailUrl":"https:\/\/scontent-mia1-1.xx.fbcdn.net\/v\/t1.0-0\/p296x100\/14915472_1452952701400846_2889849849336971460_n.jpg?oh=12b936fa9697e6a6d941aa0159f7fc29&amp;oe=58D135F1","datePublished":"2016-11-03T18:18:46+00:00","author":{"@id":"https:\/\/stmaryum.org\/es\/#\/schema\/person\/37deefb0b4b617d0d0049c803c62f264"},"breadcrumb":{"@id":"https:\/\/stmaryum.org\/es\/santa-maria-santo-del-dia-2-de-noviembre\/#breadcrumb"},"inLanguage":"es","potentialAction":[{"@type":"ReadAction","target":["https:\/\/stmaryum.org\/es\/santa-maria-santo-del-dia-2-de-noviembre\/"]}]},{"@type":"ImageObject","inLanguage":"es","@id":"https:\/\/stmaryum.org\/es\/santa-maria-santo-del-dia-2-de-noviembre\/#primaryimage","url":"https:\/\/scontent-mia1-1.xx.fbcdn.net\/v\/t1.0-0\/p296x100\/14915472_1452952701400846_2889849849336971460_n.jpg?oh=12b936fa9697e6a6d941aa0159f7fc29&amp;oe=58D135F1","contentUrl":"https:\/\/scontent-mia1-1.xx.fbcdn.net\/v\/t1.0-0\/p296x100\/14915472_1452952701400846_2889849849336971460_n.jpg?oh=12b936fa9697e6a6d941aa0159f7fc29&amp;oe=58D135F1"},{"@type":"BreadcrumbList","@id":"https:\/\/stmaryum.org\/es\/santa-maria-santo-del-dia-2-de-noviembre\/#breadcrumb","itemListElement":[{"@type":"ListItem","position":1,"name":"Home","item":"https:\/\/stmaryum.org\/es\/santa-maria-de-la-asuncion-2\/"},{"@type":"ListItem","position":2,"name":"Santa Mar\u00eda Santo del d\u00eda 2 de noviembre"}]},{"@type":"WebSite","@id":"https:\/\/stmaryum.org\/es\/#website","url":"https:\/\/stmaryum.org\/es\/","name":"St. Mary of the Assumption Catholic School","description":"Catholic elementary school founded by St. Mary of the Assumption Church in 1925","potentialAction":[{"@type":"SearchAction","target":{"@type":"EntryPoint","urlTemplate":"https:\/\/stmaryum.org\/es\/?s={search_term_string}"},"query-input":{"@type":"PropertyValueSpecification","valueRequired":true,"valueName":"search_term_string"}}],"inLanguage":"es"},{"@type":"Person","@id":"https:\/\/stmaryum.org\/es\/#\/schema\/person\/37deefb0b4b617d0d0049c803c62f264","name":"Tamera Campbell","url":"https:\/\/stmaryum.org\/es\/author\/tamera\/"}]}},"_links":{"self":[{"href":"https:\/\/stmaryum.org\/es\/wp-json\/wp\/v2\/posts\/10561","targetHints":{"allow":["GET"]}}],"collection":[{"href":"https:\/\/stmaryum.org\/es\/wp-json\/wp\/v2\/posts"}],"about":[{"href":"https:\/\/stmaryum.org\/es\/wp-json\/wp\/v2\/types\/post"}],"author":[{"embeddable":true,"href":"https:\/\/stmaryum.org\/es\/wp-json\/wp\/v2\/users\/3"}],"replies":[{"embeddable":true,"href":"https:\/\/stmaryum.org\/es\/wp-json\/wp\/v2\/comments?post=10561"}],"version-history":[{"count":0,"href":"https:\/\/stmaryum.org\/es\/wp-json\/wp\/v2\/posts\/10561\/revisions"}],"wp:attachment":[{"href":"https:\/\/stmaryum.org\/es\/wp-json\/wp\/v2\/media?parent=10561"}],"wp:term":[{"taxonomy":"category","embeddable":true,"href":"https:\/\/stmaryum.org\/es\/wp-json\/wp\/v2\/categories?post=10561"},{"taxonomy":"post_tag","embeddable":true,"href":"https:\/\/stmaryum.org\/es\/wp-json\/wp\/v2\/tags?post=10561"}],"curies":[{"name":"wp","href":"https:\/\/api.w.org\/{rel}","templated":true}]}}