{"id":10566,"date":"2016-11-03T18:55:52","date_gmt":"2016-11-03T18:55:52","guid":{"rendered":"https:\/\/stmaryum.org\/santa-maria-santo-del-dia-3-de-noviembre\/"},"modified":"2025-12-12T17:35:18","modified_gmt":"2025-12-12T17:35:18","slug":"santa-maria-santo-del-dia-3-de-noviembre","status":"publish","type":"post","link":"https:\/\/stmaryum.org\/es\/santa-maria-santo-del-dia-3-de-noviembre\/","title":{"rendered":"Santa Mar\u00eda Santo del d\u00eda 3 de noviembre"},"content":{"rendered":"<div id=\"js_39\" class=\"_5pbx userContent\" data-ft=\"{\"tn\":\"K\"}\">\n<p>Santa Mar\u00eda Santa del D\u00eda Nov.3<br \/>\nDurante el \u00abA\u00f1o de la Misericordia\u00bb, \u00bfQu\u00e9 has hecho para mostrar Misericordia?<br \/>\nGr.6 Caitlyn Barber-Ayudando a otros<br \/>\nGr.7 Tori Maignan: dando comida a los hambrientos.<\/p>\n<\/div>\n<div class=\"_3x-2\">\n<div data-ft=\"{\"tn\":\"H\"}\">\n<div class=\"mtm\">\n<div class=\"uiScaledImageContainer _517g\"><img loading=\"lazy\" decoding=\"async\" class=\"scaledImageFitWidth img\" src=\"https:\/\/scontent-mia1-1.xx.fbcdn.net\/v\/t1.0-0\/p480x480\/14980601_1452959428066840_8684687058459105108_n.jpg?oh=74e14bca79a0781838992b959318d4e8&amp;oe=589D55C4\" alt=\"La imagen puede contener: 3 personas , personas sonriendo\" width=\"476\" height=\"476\"><\/div>\n<\/div>\n<\/div>\n<\/div>\n","protected":false},"excerpt":{"rendered":"<p>Santa Mar\u00eda Santa del D\u00eda Nov.3 Durante el \u00abA\u00f1o de la Misericordia\u00bb, \u00bfQu\u00e9 has hecho para mostrar Misericordia? Gr.6 Caitlyn Barber-Ayudando a otros Gr.7 Tori Maignan: dando comida a los hambrientos.<\/p>\n","protected":false},"author":3,"featured_media":0,"comment_status":"closed","ping_status":"closed","sticky":false,"template":"","format":"standard","meta":{"_monsterinsights_skip_tracking":false,"_monsterinsights_sitenote_active":false,"_monsterinsights_sitenote_note":"","_monsterinsights_sitenote_category":0,"footnotes":""},"categories":[44],"tags":[],"class_list":["post-10566","post","type-post","status-publish","format-standard","hentry","category-sin-categorizar"],"yoast_head":"<!-- This site is optimized with the Yoast SEO plugin v27.5 - https:\/\/yoast.com\/product\/yoast-seo-wordpress\/ -->\n<title>Santa Mar\u00eda Santo del d\u00eda 3 de noviembre - St. Mary of the Assumption Catholic School<\/title>\n<meta name=\"robots\" content=\"index, follow, max-snippet:-1, max-image-preview:large, max-video-preview:-1\" \/>\n<link rel=\"canonical\" href=\"https:\/\/stmaryum.org\/es\/santa-maria-santo-del-dia-3-de-noviembre\/\" \/>\n<meta property=\"og:locale\" content=\"es_ES\" \/>\n<meta property=\"og:type\" content=\"article\" \/>\n<meta property=\"og:title\" content=\"Santa Mar\u00eda Santo del d\u00eda 3 de noviembre - St. Mary of the Assumption Catholic School\" \/>\n<meta property=\"og:description\" content=\"Santa Mar\u00eda Santa del D\u00eda Nov.3 Durante el \u00abA\u00f1o de la Misericordia\u00bb, \u00bfQu\u00e9 has hecho para mostrar Misericordia? Gr.6 Caitlyn Barber-Ayudando a otros Gr.7 Tori Maignan: dando comida a los hambrientos.\" \/>\n<meta property=\"og:url\" content=\"https:\/\/stmaryum.org\/es\/santa-maria-santo-del-dia-3-de-noviembre\/\" \/>\n<meta property=\"og:site_name\" content=\"St. Mary of the Assumption Catholic School\" \/>\n<meta property=\"article:published_time\" content=\"2016-11-03T18:55:52+00:00\" \/>\n<meta property=\"article:modified_time\" content=\"2025-12-12T17:35:18+00:00\" \/>\n<meta property=\"og:image\" content=\"https:\/\/scontent-mia1-1.xx.fbcdn.net\/v\/t1.0-0\/p480x480\/14980601_1452959428066840_8684687058459105108_n.jpg?oh=74e14bca79a0781838992b959318d4e8&amp;oe=589D55C4\" \/>\n<meta name=\"author\" content=\"Tamera Campbell\" \/>\n<meta name=\"twitter:card\" content=\"summary_large_image\" \/>\n<meta name=\"twitter:label1\" content=\"Escrito por\" \/>\n\t<meta name=\"twitter:data1\" content=\"Tamera Campbell\" \/>\n<script type=\"application\/ld+json\" class=\"yoast-schema-graph\">{\"@context\":\"https:\\\/\\\/schema.org\",\"@graph\":[{\"@type\":\"Article\",\"@id\":\"https:\\\/\\\/stmaryum.org\\\/es\\\/santa-maria-santo-del-dia-3-de-noviembre\\\/#article\",\"isPartOf\":{\"@id\":\"https:\\\/\\\/stmaryum.org\\\/es\\\/santa-maria-santo-del-dia-3-de-noviembre\\\/\"},\"author\":{\"name\":\"Tamera Campbell\",\"@id\":\"https:\\\/\\\/stmaryum.org\\\/es\\\/#\\\/schema\\\/person\\\/37deefb0b4b617d0d0049c803c62f264\"},\"headline\":\"Santa Mar\u00eda Santo del d\u00eda 3 de noviembre\",\"datePublished\":\"2016-11-03T18:55:52+00:00\",\"dateModified\":\"2025-12-12T17:35:18+00:00\",\"mainEntityOfPage\":{\"@id\":\"https:\\\/\\\/stmaryum.org\\\/es\\\/santa-maria-santo-del-dia-3-de-noviembre\\\/\"},\"wordCount\":43,\"image\":{\"@id\":\"https:\\\/\\\/stmaryum.org\\\/es\\\/santa-maria-santo-del-dia-3-de-noviembre\\\/#primaryimage\"},\"thumbnailUrl\":\"https:\\\/\\\/scontent-mia1-1.xx.fbcdn.net\\\/v\\\/t1.0-0\\\/p480x480\\\/14980601_1452959428066840_8684687058459105108_n.jpg?oh=74e14bca79a0781838992b959318d4e8&amp;oe=589D55C4\",\"articleSection\":[\"Sin categorizar\"],\"inLanguage\":\"es\"},{\"@type\":\"WebPage\",\"@id\":\"https:\\\/\\\/stmaryum.org\\\/es\\\/santa-maria-santo-del-dia-3-de-noviembre\\\/\",\"url\":\"https:\\\/\\\/stmaryum.org\\\/es\\\/santa-maria-santo-del-dia-3-de-noviembre\\\/\",\"name\":\"Santa Mar\u00eda Santo del d\u00eda 3 de noviembre - St. Mary of the Assumption Catholic School\",\"isPartOf\":{\"@id\":\"https:\\\/\\\/stmaryum.org\\\/es\\\/#website\"},\"primaryImageOfPage\":{\"@id\":\"https:\\\/\\\/stmaryum.org\\\/es\\\/santa-maria-santo-del-dia-3-de-noviembre\\\/#primaryimage\"},\"image\":{\"@id\":\"https:\\\/\\\/stmaryum.org\\\/es\\\/santa-maria-santo-del-dia-3-de-noviembre\\\/#primaryimage\"},\"thumbnailUrl\":\"https:\\\/\\\/scontent-mia1-1.xx.fbcdn.net\\\/v\\\/t1.0-0\\\/p480x480\\\/14980601_1452959428066840_8684687058459105108_n.jpg?oh=74e14bca79a0781838992b959318d4e8&amp;oe=589D55C4\",\"datePublished\":\"2016-11-03T18:55:52+00:00\",\"dateModified\":\"2025-12-12T17:35:18+00:00\",\"author\":{\"@id\":\"https:\\\/\\\/stmaryum.org\\\/es\\\/#\\\/schema\\\/person\\\/37deefb0b4b617d0d0049c803c62f264\"},\"breadcrumb\":{\"@id\":\"https:\\\/\\\/stmaryum.org\\\/es\\\/santa-maria-santo-del-dia-3-de-noviembre\\\/#breadcrumb\"},\"inLanguage\":\"es\",\"potentialAction\":[{\"@type\":\"ReadAction\",\"target\":[\"https:\\\/\\\/stmaryum.org\\\/es\\\/santa-maria-santo-del-dia-3-de-noviembre\\\/\"]}]},{\"@type\":\"ImageObject\",\"inLanguage\":\"es\",\"@id\":\"https:\\\/\\\/stmaryum.org\\\/es\\\/santa-maria-santo-del-dia-3-de-noviembre\\\/#primaryimage\",\"url\":\"https:\\\/\\\/scontent-mia1-1.xx.fbcdn.net\\\/v\\\/t1.0-0\\\/p480x480\\\/14980601_1452959428066840_8684687058459105108_n.jpg?oh=74e14bca79a0781838992b959318d4e8&amp;oe=589D55C4\",\"contentUrl\":\"https:\\\/\\\/scontent-mia1-1.xx.fbcdn.net\\\/v\\\/t1.0-0\\\/p480x480\\\/14980601_1452959428066840_8684687058459105108_n.jpg?oh=74e14bca79a0781838992b959318d4e8&amp;oe=589D55C4\"},{\"@type\":\"BreadcrumbList\",\"@id\":\"https:\\\/\\\/stmaryum.org\\\/es\\\/santa-maria-santo-del-dia-3-de-noviembre\\\/#breadcrumb\",\"itemListElement\":[{\"@type\":\"ListItem\",\"position\":1,\"name\":\"Home\",\"item\":\"https:\\\/\\\/stmaryum.org\\\/es\\\/santa-maria-de-la-asuncion-2\\\/\"},{\"@type\":\"ListItem\",\"position\":2,\"name\":\"Santa Mar\u00eda Santo del d\u00eda 3 de noviembre\"}]},{\"@type\":\"WebSite\",\"@id\":\"https:\\\/\\\/stmaryum.org\\\/es\\\/#website\",\"url\":\"https:\\\/\\\/stmaryum.org\\\/es\\\/\",\"name\":\"St. Mary of the Assumption Catholic School\",\"description\":\"Catholic elementary school founded by St. Mary of the Assumption Church in 1925\",\"potentialAction\":[{\"@type\":\"SearchAction\",\"target\":{\"@type\":\"EntryPoint\",\"urlTemplate\":\"https:\\\/\\\/stmaryum.org\\\/es\\\/?s={search_term_string}\"},\"query-input\":{\"@type\":\"PropertyValueSpecification\",\"valueRequired\":true,\"valueName\":\"search_term_string\"}}],\"inLanguage\":\"es\"},{\"@type\":\"Person\",\"@id\":\"https:\\\/\\\/stmaryum.org\\\/es\\\/#\\\/schema\\\/person\\\/37deefb0b4b617d0d0049c803c62f264\",\"name\":\"Tamera Campbell\",\"url\":\"https:\\\/\\\/stmaryum.org\\\/es\\\/author\\\/tamera\\\/\"}]}<\/script>\n<!-- \/ Yoast SEO plugin. -->","yoast_head_json":{"title":"Santa Mar\u00eda Santo del d\u00eda 3 de noviembre - St. Mary of the Assumption Catholic School","robots":{"index":"index","follow":"follow","max-snippet":"max-snippet:-1","max-image-preview":"max-image-preview:large","max-video-preview":"max-video-preview:-1"},"canonical":"https:\/\/stmaryum.org\/es\/santa-maria-santo-del-dia-3-de-noviembre\/","og_locale":"es_ES","og_type":"article","og_title":"Santa Mar\u00eda Santo del d\u00eda 3 de noviembre - St. Mary of the Assumption Catholic School","og_description":"Santa Mar\u00eda Santa del D\u00eda Nov.3 Durante el \u00abA\u00f1o de la Misericordia\u00bb, \u00bfQu\u00e9 has hecho para mostrar Misericordia? Gr.6 Caitlyn Barber-Ayudando a otros Gr.7 Tori Maignan: dando comida a los hambrientos.","og_url":"https:\/\/stmaryum.org\/es\/santa-maria-santo-del-dia-3-de-noviembre\/","og_site_name":"St. Mary of the Assumption Catholic School","article_published_time":"2016-11-03T18:55:52+00:00","article_modified_time":"2025-12-12T17:35:18+00:00","og_image":[{"url":"https:\/\/scontent-mia1-1.xx.fbcdn.net\/v\/t1.0-0\/p480x480\/14980601_1452959428066840_8684687058459105108_n.jpg?oh=74e14bca79a0781838992b959318d4e8&amp;oe=589D55C4","type":"","width":"","height":""}],"author":"Tamera Campbell","twitter_card":"summary_large_image","twitter_misc":{"Escrito por":"Tamera Campbell"},"schema":{"@context":"https:\/\/schema.org","@graph":[{"@type":"Article","@id":"https:\/\/stmaryum.org\/es\/santa-maria-santo-del-dia-3-de-noviembre\/#article","isPartOf":{"@id":"https:\/\/stmaryum.org\/es\/santa-maria-santo-del-dia-3-de-noviembre\/"},"author":{"name":"Tamera Campbell","@id":"https:\/\/stmaryum.org\/es\/#\/schema\/person\/37deefb0b4b617d0d0049c803c62f264"},"headline":"Santa Mar\u00eda Santo del d\u00eda 3 de noviembre","datePublished":"2016-11-03T18:55:52+00:00","dateModified":"2025-12-12T17:35:18+00:00","mainEntityOfPage":{"@id":"https:\/\/stmaryum.org\/es\/santa-maria-santo-del-dia-3-de-noviembre\/"},"wordCount":43,"image":{"@id":"https:\/\/stmaryum.org\/es\/santa-maria-santo-del-dia-3-de-noviembre\/#primaryimage"},"thumbnailUrl":"https:\/\/scontent-mia1-1.xx.fbcdn.net\/v\/t1.0-0\/p480x480\/14980601_1452959428066840_8684687058459105108_n.jpg?oh=74e14bca79a0781838992b959318d4e8&amp;oe=589D55C4","articleSection":["Sin categorizar"],"inLanguage":"es"},{"@type":"WebPage","@id":"https:\/\/stmaryum.org\/es\/santa-maria-santo-del-dia-3-de-noviembre\/","url":"https:\/\/stmaryum.org\/es\/santa-maria-santo-del-dia-3-de-noviembre\/","name":"Santa Mar\u00eda Santo del d\u00eda 3 de noviembre - St. Mary of the Assumption Catholic School","isPartOf":{"@id":"https:\/\/stmaryum.org\/es\/#website"},"primaryImageOfPage":{"@id":"https:\/\/stmaryum.org\/es\/santa-maria-santo-del-dia-3-de-noviembre\/#primaryimage"},"image":{"@id":"https:\/\/stmaryum.org\/es\/santa-maria-santo-del-dia-3-de-noviembre\/#primaryimage"},"thumbnailUrl":"https:\/\/scontent-mia1-1.xx.fbcdn.net\/v\/t1.0-0\/p480x480\/14980601_1452959428066840_8684687058459105108_n.jpg?oh=74e14bca79a0781838992b959318d4e8&amp;oe=589D55C4","datePublished":"2016-11-03T18:55:52+00:00","dateModified":"2025-12-12T17:35:18+00:00","author":{"@id":"https:\/\/stmaryum.org\/es\/#\/schema\/person\/37deefb0b4b617d0d0049c803c62f264"},"breadcrumb":{"@id":"https:\/\/stmaryum.org\/es\/santa-maria-santo-del-dia-3-de-noviembre\/#breadcrumb"},"inLanguage":"es","potentialAction":[{"@type":"ReadAction","target":["https:\/\/stmaryum.org\/es\/santa-maria-santo-del-dia-3-de-noviembre\/"]}]},{"@type":"ImageObject","inLanguage":"es","@id":"https:\/\/stmaryum.org\/es\/santa-maria-santo-del-dia-3-de-noviembre\/#primaryimage","url":"https:\/\/scontent-mia1-1.xx.fbcdn.net\/v\/t1.0-0\/p480x480\/14980601_1452959428066840_8684687058459105108_n.jpg?oh=74e14bca79a0781838992b959318d4e8&amp;oe=589D55C4","contentUrl":"https:\/\/scontent-mia1-1.xx.fbcdn.net\/v\/t1.0-0\/p480x480\/14980601_1452959428066840_8684687058459105108_n.jpg?oh=74e14bca79a0781838992b959318d4e8&amp;oe=589D55C4"},{"@type":"BreadcrumbList","@id":"https:\/\/stmaryum.org\/es\/santa-maria-santo-del-dia-3-de-noviembre\/#breadcrumb","itemListElement":[{"@type":"ListItem","position":1,"name":"Home","item":"https:\/\/stmaryum.org\/es\/santa-maria-de-la-asuncion-2\/"},{"@type":"ListItem","position":2,"name":"Santa Mar\u00eda Santo del d\u00eda 3 de noviembre"}]},{"@type":"WebSite","@id":"https:\/\/stmaryum.org\/es\/#website","url":"https:\/\/stmaryum.org\/es\/","name":"St. Mary of the Assumption Catholic School","description":"Catholic elementary school founded by St. Mary of the Assumption Church in 1925","potentialAction":[{"@type":"SearchAction","target":{"@type":"EntryPoint","urlTemplate":"https:\/\/stmaryum.org\/es\/?s={search_term_string}"},"query-input":{"@type":"PropertyValueSpecification","valueRequired":true,"valueName":"search_term_string"}}],"inLanguage":"es"},{"@type":"Person","@id":"https:\/\/stmaryum.org\/es\/#\/schema\/person\/37deefb0b4b617d0d0049c803c62f264","name":"Tamera Campbell","url":"https:\/\/stmaryum.org\/es\/author\/tamera\/"}]}},"_links":{"self":[{"href":"https:\/\/stmaryum.org\/es\/wp-json\/wp\/v2\/posts\/10566","targetHints":{"allow":["GET"]}}],"collection":[{"href":"https:\/\/stmaryum.org\/es\/wp-json\/wp\/v2\/posts"}],"about":[{"href":"https:\/\/stmaryum.org\/es\/wp-json\/wp\/v2\/types\/post"}],"author":[{"embeddable":true,"href":"https:\/\/stmaryum.org\/es\/wp-json\/wp\/v2\/users\/3"}],"replies":[{"embeddable":true,"href":"https:\/\/stmaryum.org\/es\/wp-json\/wp\/v2\/comments?post=10566"}],"version-history":[{"count":1,"href":"https:\/\/stmaryum.org\/es\/wp-json\/wp\/v2\/posts\/10566\/revisions"}],"predecessor-version":[{"id":10567,"href":"https:\/\/stmaryum.org\/es\/wp-json\/wp\/v2\/posts\/10566\/revisions\/10567"}],"wp:attachment":[{"href":"https:\/\/stmaryum.org\/es\/wp-json\/wp\/v2\/media?parent=10566"}],"wp:term":[{"taxonomy":"category","embeddable":true,"href":"https:\/\/stmaryum.org\/es\/wp-json\/wp\/v2\/categories?post=10566"},{"taxonomy":"post_tag","embeddable":true,"href":"https:\/\/stmaryum.org\/es\/wp-json\/wp\/v2\/tags?post=10566"}],"curies":[{"name":"wp","href":"https:\/\/api.w.org\/{rel}","templated":true}]}}